{"id":282,"date":"2016-09-30T15:12:12","date_gmt":"2016-09-30T15:12:12","guid":{"rendered":"http:\/\/forum-flugplatz.ch\/?p=282"},"modified":"2019-03-28T14:35:11","modified_gmt":"2019-03-28T15:35:11","slug":"wea","status":"publish","type":"post","link":"https:\/\/forum-flugplatz.ch\/?p=282","title":{"rendered":"WEA"},"content":{"rendered":"<p><span style=\"color: #ff0000;\"><a style=\"color: #ff0000;\" href=\"http:\/\/forum-flugplatz.ch\/wp-content\/uploads\/2019\/03\/Forum-Info-Nr52-1.pdf\"><strong>Das neue Forum Info Nr. 52 mit brisanten Themen auch zur WEA-Armee<\/strong><\/a><br \/>\n<\/span>Die Stimmung ist im Keller, das Entsetzen und die Emp\u00f6rung \u00fcber gewisse Vorg\u00e4nge im&nbsp;Berner&nbsp;Pentagon ist mit H\u00e4nden zu greifen. Der Frust dreht sich&nbsp; im Kreis bis zur Resignation als vermeintlich letzten Ausweg aus der vom VBS und Parlament verbockten Situation. Mit diesem Eindruck geht man nach einer engagiert gef\u00fchrten Diskussion unter Armeefreunden nachdenklich und ratlos auf den Heimweg.&nbsp; Befeuert und gen\u00e4hrt wird die Befindlichkeit durch eklatante Fehlentscheidungen in der Armeef\u00fchrung, unverst\u00e4ndlichen Verschrottungsaktionen (Festungsminenwerfer, Panzer, Haubitzen, die Zerschlagung von wertvollen Infrastrukturen,&nbsp;etc.) und millionenschweren Spesenabrechnungen. Obendrauf tr\u00e4gt eine gigantische Veranstaltung mit einer pers\u00f6nlichen Medaillen-Bereicherung zum bereits vergifteten Klima bei. H\u00f6hepunkt des psychologischen Unverm\u00f6gens dann noch die Desavouierung der eigenen Anh\u00e4ngerschaft, insbesondere der SOG und Sch\u00fctzenvereine mit einer unbedachten \u00c4usserung zum Waffengesetz. Noch effizienter und&nbsp;nachhaltiger&nbsp;kann man seine Mitstreiter, auf die unsere Armeef\u00fchrung im Hinblick auf kommende Abstimmungen (Air2030) angewiesen ist, nicht&nbsp;demotivieren!<\/p>\n<p><a href=\"http:\/\/forum-flugplatz.ch\/wp-content\/uploads\/2018\/09\/Vernehmlassungsantwort_Gruppe_GIARDINO-Planungsbeschluss_21_Sept_2018.pdf\"><strong><span style=\"color: #ff0000;\">Hervorragende Vernehmlassungsantwort der Gruppe Giardino zum Planungsbeschluss<\/span><\/strong><\/a><\/p>\n<p><strong><a href=\"http:\/\/forum-flugplatz.ch\/wp-content\/uploads\/2018\/10\/Info-51.pdf\"><span style=\"color: #ff0000;\">Das neue Forum Info Nr. 51 ist soeben erschienen<\/span><\/a><span style=\"color: #ff0000;\">. <\/span><\/strong>Es enth\u00e4lt&nbsp; interessante Informationen \u00fcber <strong>die fatalen Entwicklungen rund um unsere Landesverteidigung<\/strong>. Unter anderem einen <strong>Mailverkehr mit einer Nationalr\u00e4tin<\/strong> der Sicherheitspolitischen Kommission, einen Gastbeitrag \u00fcber <strong>die Milizarmee &#8211; Quo Vadis<\/strong>, \u00fcber die <strong>fehlenden materiellen und personellen Ressourcen f\u00fcr das Sch\u00fctzen von wichtigen Infrastrukturen im Kanton Z\u00fcrich<\/strong>, eine <strong>armeepolitische Auslegeordnung der Gruppe Giardino<\/strong>, \u00fcber die <strong>Fehlplanungen auf dem Flugplatz D\u00fcbendorf betr. Innovationspark<\/strong>, die <strong>unn\u00f6tige Zw\u00e4ngerei der Anrainergemeinden auf Kosten der Steuerzahler<\/strong>, und nat\u00fcrlich <strong>Fakten zur Liquidations der Festungsminenwerfer<\/strong>.&nbsp; &nbsp;<\/p>\n<p><strong>Der M\u00f6rser 16 ist eine Fehlentwicklung der eigenen R\u00fcstungsindustrie und trotzdem wurde er beschafft obwohl ein ebenfalls evaluiertes Produkt massiv \u00fcberlegen war<\/strong>. Lesen Sie den beachtenswerten <strong><a href=\"http:\/\/forum-flugplatz.ch\/wp-content\/uploads\/2018\/09\/Moerser16-Skandal.pdf\"><span style=\"color: #ff0000;\">Artikel der Basler Zeitung<\/span><\/a><\/strong> vom 9. Sept. 2018, der in Kreisen der Bef\u00fcrworter einer glaubw\u00fcrdigen Armee f\u00fcr betr\u00e4chtliches Kopfsch\u00fctteln sorgt.<\/p>\n<p><strong>&#8220;Viele in Bern l\u00fcgen das Volk an&#8221;. Der Skandal um die Revision des DURO&#8217;s.<\/strong><br \/>\n<strong><a href=\"http:\/\/forum-flugplatz.ch\/wp-content\/uploads\/2018\/09\/Duro-Skandal.pdf\"><span style=\"color: #ff0000;\">Ein sehr interessanter Artikel<\/span><\/a><\/strong>, erschienen im Glattaler vom 1.Juni 2018 zeigt auf, wie das unwissende Volk mit falschen Angaben betr. der horrenden Kosten (550 Millionen) f\u00fcr die Revision des DUORO&#8217;s schlicht hintergangen wird. &nbsp;<\/p>\n<p><span style=\"color: #ff0000;\"><strong>Der Nationalrat hat am 13. September 2018 mit 114 gegen 67 Stimmen der Liquidierung der wertvollen Festungsminenwerfer zugestimmt!<\/strong><\/span><br \/>\nBesser kann sich die Armeef\u00fchrung im Hinblick auf das Air2030 Projekt nicht ins eigene Knie schiessen! Der erneute Schildb\u00fcrgerstreich, die Festungsminenwerfer auf Geheiss der Armeef\u00fchrung, dem VBS Chef und seinem Einfl\u00fcsterer Kkdt D. Andrey, zu liquidieren, er\u00f6ffnet ein weiteres Kapitel hin zur Abschaffung unserer Armee! Nun ist jeder Franken, der in eine unglaubw\u00fcrdige Armee gesteckt wird, einer zuviel, wir k\u00f6nnen getrost aufh\u00f6ren damit! Der Meccano findet seine Best\u00e4tigung: Die Armeef\u00fchrung empfiehlt dem Bundesrat und Parlament ohne Not die Vernichtung und Liquidation von Armeematerial. Dem Kadavergehorsam gleich und wider besseres Wissens wird der Auftrag ausgef\u00fchrt. Danach versteckt sich die Armeef\u00fchrung feige hinter dem Primat der Politik! Wann wird dieser ungeheure und feige Vorgang einmal publikumswirksam aufgedeckt und das tumbe Volk umfassend informiert? Gleiches gilt f\u00fcr die uns\u00e4glichen Schummeleien mit der R\u00fcstung, siehe M\u00f6rserbeschaffung 16, das abgekartete Spiel um den DURO etc. Zur Glaubw\u00fcrdigkeit geh\u00f6ren Ehrlichkeit und Transparenz und gerade hierbei wird fahrl\u00e4ssig gefrevelt. Das Vertrauen in unsere Armeef\u00fchrung ist leider vollends verloren gegangen! <a href=\"http:\/\/forum-flugplatz.ch\/wp-content\/uploads\/2018\/09\/NR-Abstimmung-vom-13-09-2018-vote_50_17434.pdf\"><strong><span style=\"color: #ff0000;\">Wer hat im Nationalrat wie abgestimmt?<\/span><\/strong><\/a><\/p>\n<p><strong>Die Liquidation der Festungsminenwerfer \/ siehe&nbsp; <span style=\"color: #ff0000;\"><a style=\"color: #ff0000;\" href=\"http:\/\/forum-flugplatz.ch\/wp-content\/uploads\/2018\/09\/Info-51-FMWx.pdf\">Brief an die Parlamentarier<\/a> \/ <a style=\"color: #ff0000;\" href=\"http:\/\/forum-flugplatz.ch\/wp-content\/uploads\/2018\/09\/Info-51-FMWx.pdf\">FAKTENBLATT mit Wirkungsr\u00e4umen<\/a><\/span><br \/>\n<\/strong>Am 13. September 2018 f\u00e4llte der Nationalrat einen schwerwiegenden Liquidationsentscheid. Leider ist in der Schweiz im Unterschied zu anderen europ\u00e4ischen L\u00e4ndern die irrige Meinung weit verbreitet, dass es in <strong>*<\/strong><strong>Zentraleuropa keine milit\u00e4rischen Auseinandersetzungen zwischen Bodentruppen mehr geben werde<\/strong><strong>*<\/strong> \u2013 jedenfalls keine, welche die Schweiz tangieren w\u00fcrden. Und das vor dem Hintergrund, dass sich die milit\u00e4rische Lage in Europa seit einigen Jahren verschlechtert hat. Beim Glauben, f\u00fcr die Schweiz sei der ewige Friede angebrochen, handelt es sich um eine naive Vorstellung, welche im Widerspruch zu den historischen Erfahrungen steht und grauenhafte Folgen haben kann. Besonders bedenklich ist, dass die zahlreichen Mitglieder der Armeef\u00fchrung schweigen und vor einer weiteren Entwaffnung unseres Landes nicht warnen. Die \u00fcber hundert 12 cm-Festungsminenwerfer sind auch in der WEA kein veraltetes, sondern ein \u00e4usserst n\u00fctzliches, schlagkr\u00e4ftiges Waffensystem, das mit einer Investition von einer Milliarde Franken installiert wurden und mit ihren Doppelm\u00f6rsern in einem Umkreis von 360 Grad&nbsp; \u00e4usserst effizient auf die wichtigsten Achsen und Grenzr\u00e4ume einwirken kann. Auch in unserer n\u00e4chster Umgebung steht ein solcher Monoblock, der in einem handstreichartigen Besetzungsfall wirkungsvoll und verzugslos auf die Flugpl\u00e4tze Z\u00fcrich-Kloten und D\u00fcbendorf einwirken kann. Bekanntlich wurde vor Jahren das Flugplatzregiment aufgel\u00f6st.<br \/>\nDie Liquidation w\u00e4re eine nicht zu rechtfertigende Vernichtung fertig gebauter Sicherheit und eine gigantische Verschleuderung von investierten Steuergeldern. Sollte sich das Parlament f\u00fcr eine Liquidation entscheiden dann k\u00f6nnte man &#8211; <strong>siehe *<\/strong> &#8211; ebenso auf die Investition f\u00fcr ein neues Kampfflugzeug und BODLUV 2030 verzichten. Dann w\u00e4ren wir definitiv dort angelangt, wohin die notorischen Armeeabschaffer schon l\u00e4ngst hinwollten! Siehe Artikel ASMZ: <a href=\"http:\/\/forum-flugplatz.ch\/wp-content\/uploads\/2018\/08\/ASMZ-Sept-2018-Fest-Mw.pdf\"><span style=\"color: #ff0000;\">Tiefe Bereitschaft oder Ausserdienststellung?<\/span><\/a><\/p>\n<p><a href=\"http:\/\/forum-flugplatz.ch\/wp-content\/uploads\/2016\/09\/Armee-WEA2-und_jetzt-wird-weiter-gewurstelt-VBS-Lernunfaehig.pdf\"><strong><span style=\"color: #ff0000;\">Armee WEA und jetzt wird weiter gewurstelt &#8211; VBS lernunf\u00e4hig<\/span><\/strong><\/a><\/p>\n<p>Die Weiterentwicklung der Armee steht kurz vor der Umsetzung. Sie wird als \u00abn\u00f6tig, richtig, modern und flexibel\u00bb bezeichnet. Viele Fortschritte sind bei genauem Hinsehen jedoch bloss ein R\u00fcckg\u00e4ngigmachen von fr\u00fcheren R\u00fcckschritten und Fehlern. Die Frage nach den Ursachen und den Lehren f\u00fcr die Zukunft wird nicht diskutiert. Werden die gemachten Fehler jetzt wiederholt und ist die Armeef\u00fchrung in der Tat lernunf\u00e4hig? Lesen Sie die brisante Publikation in der Allgemeinen Schweizerischen Milit\u00e4rzeitschrift 08\/2017 ASMZ (siehe aufgef\u00fchrter Titel).<\/p>\n<p><strong><span style=\"color: #800000;\"><a style=\"color: #800000;\" href=\"http:\/\/forum-flugplatz.ch\/wp-content\/uploads\/2016\/09\/Sachplan-Eingabe-FFD.pdf\"><span style=\"color: #333399;\">Eingabe zum Sachplan Milit\u00e4r<\/span><\/a><\/span><\/strong><\/p>\n<p>Der Sachplan Milit\u00e4r (SPM) schreibt u.a. fest, was mit milit\u00e4rischen Anlagen in der Schweiz geschehen soll. Darin ist auch der Flugplatz D\u00fcbendorf enthalten. Es sollen aber auch die Waffenpl\u00e4tze D\u00fcbendorf und Kloten mittelfristig geschlossen werden. Das Forum Flugplatz hat sich im obigen Dokument innerhalb der Eingabefrist vom 8. Dezember 2016 dazu ge\u00e4ussert.<\/p>\n<p><span style=\"color: #000000;\"><a style=\"color: #000000;\" href=\"http:\/\/forum-flugplatz.ch\/wp-content\/uploads\/2016\/09\/2016-MNS-ARTIKEL-3-2016-.pdf\"><span style=\"color: #333399;\"><strong>SIPOL 2016 &#8211; LUFTVERTEIDIGUNG KONSEQUENZEN ZIEHEN UND REDLICH UMSETZEN! (Konrad Alder)<\/strong><\/span><\/a><\/span><\/p>\n<p><span style=\"color: #000000;\"><a style=\"color: #000000;\" href=\"http:\/\/forum-flugplatz.ch\/wp-content\/uploads\/2016\/09\/Sipol_Info_Oktober_2016.pdf\"><span style=\"color: #333399;\"><strong>Es braucht vermehrt Herausforderer, die die Rolle des \u00abAdvocatus Diaboli\u00bb \u00fcbernehmen. Dazu geh\u00f6rten aber Fehlerakzeptanz und Vertrauen. Gerade Letzteres kann in einer Grossorganisation wie der Armee nicht durch Normen ersetzt werden: Denn Menschen eignen sich besser, um Menschen zu f\u00fchren, als Regeln.<\/strong><\/span><\/a><\/span><\/p>\n<p><span style=\"color: #000000;\"><a style=\"color: #000000;\" href=\"http:\/\/forum-flugplatz.ch\/wp-content\/uploads\/2016\/09\/Gruppe_Giardino_Unterschriften_Bundeskanzlei_ausgezaehlt.pdf\"><span style=\"color: #333399;\"><strong>Verantwortungslose Politiker verhindern Volksabstimmung \u00fcber die Armee-Halbierung<\/strong><\/span><\/a><\/span><\/p>\n<p><span style=\"color: #000000;\"><a style=\"color: #000000;\" href=\"http:\/\/forum-flugplatz.ch\/wp-content\/uploads\/2016\/05\/Info-WEA-Referendum.pdf\"><strong><span style=\"color: #333399;\">Das Referendum \u00fcber die WEA<\/span><\/strong><\/a><\/span><\/p>\n<p><span style=\"color: #000000;\"><a style=\"color: #000000;\" href=\"http:\/\/forum-flugplatz.ch\/wp-content\/uploads\/2016\/09\/WEA-Mogelpackung.pdf\"><span style=\"color: #333399;\"><strong>Die Weiterentwicklung der Armee (WEA als Mogelpackung<\/strong><\/span><\/a><\/span><\/p>\n<p><span style=\"color: #333399;\"><strong><a href=\"http:\/\/forum-flugplatz.ch\/wp-content\/uploads\/2016\/09\/Wenn-die-WEA-versagt-aus-Info-49.pdf\"><span style=\"color: #333399;\">Wer ist verantwortlich wenn die WEA versagt?<\/span><\/a><\/strong><\/span><\/p>\n<p><span style=\"color: #000000;\"><a style=\"color: #000000;\" href=\"http:\/\/forum-flugplatz.ch\/wp-content\/uploads\/2016\/09\/Ringen-um-die-WEA-aus-Info-48.pdf\"><span style=\"color: #333399;\"><strong>Das Geld f\u00fcr die WEA wird nie reichen<\/strong><\/span><\/a><\/span><\/p>\n<p><span style=\"color: #000000;\"><a style=\"color: #000000;\" href=\"http:\/\/forum-flugplatz.ch\/wp-content\/uploads\/2016\/09\/ProMilitia-16-3.pdf\"><span style=\"color: #333399;\"><strong>Rechtsgrundlagen und Armeehalbierung: Keine Volksabstimmung \u2013 keine basisdemokratische Legitimation<\/strong><\/span><\/a><\/span><\/p>\n<p><span style=\"color: #000000;\"><a style=\"color: #000000;\" href=\"http:\/\/forum-flugplatz.ch\/wp-content\/uploads\/2016\/09\/Ja-zum-Referendum-fuer-eine-glaubwuerdige-Armee-080516X.pdf\"><span style=\"color: #333399;\"><strong>Ja zum Referendum gegen die WEA<\/strong><\/span><\/a><\/span><\/p>\n<p><span style=\"color: #000000;\"><a style=\"color: #000000;\" href=\"http:\/\/forum-flugplatz.ch\/wp-content\/uploads\/2016\/09\/Rundschreiben.pdf\"><span style=\"color: #333399;\"><strong>Klartext vom Pr\u00e4sidenten der Gruppe-Giardino<\/strong><\/span><\/a><\/span><\/p>\n","protected":false},"excerpt":{"rendered":"<p>Das neue Forum Info Nr. 52 mit brisanten Themen auch zur WEA-Armee Die Stimmung ist im Keller, das Entsetzen und die Emp\u00f6rung \u00fcber gewisse Vorg\u00e4nge im&nbsp;Berner&nbsp;Pentagon ist mit H\u00e4nden zu [&hellip;]<\/p>\n","protected":false},"author":1,"featured_media":0,"comment_status":"open","ping_status":"open","sticky":false,"template":"","format":"standard","meta":[],"categories":[5,12,8,16,6],"tags":[],"_links":{"self":[{"href":"https:\/\/forum-flugplatz.ch\/index.php?rest_route=\/wp\/v2\/posts\/282"}],"collection":[{"href":"https:\/\/forum-flugplatz.ch\/index.php?rest_route=\/wp\/v2\/posts"}],"about":[{"href":"https:\/\/forum-flugplatz.ch\/index.php?rest_route=\/wp\/v2\/types\/post"}],"author":[{"embeddable":true,"href":"https:\/\/forum-flugplatz.ch\/index.php?rest_route=\/wp\/v2\/users\/1"}],"replies":[{"embeddable":true,"href":"https:\/\/forum-flugplatz.ch\/index.php?rest_route=%2Fwp%2Fv2%2Fcomments&post=282"}],"version-history":[{"count":21,"href":"https:\/\/forum-flugplatz.ch\/index.php?rest_route=\/wp\/v2\/posts\/282\/revisions"}],"predecessor-version":[{"id":789,"href":"https:\/\/forum-flugplatz.ch\/index.php?rest_route=\/wp\/v2\/posts\/282\/revisions\/789"}],"wp:attachment":[{"href":"https:\/\/forum-flugplatz.ch\/index.php?rest_route=%2Fwp%2Fv2%2Fmedia&parent=282"}],"wp:term":[{"taxonomy":"category","embeddable":true,"href":"https:\/\/forum-flugplatz.ch\/index.php?rest_route=%2Fwp%2Fv2%2Fcategories&post=282"},{"taxonomy":"post_tag","embeddable":true,"href":"https:\/\/forum-flugplatz.ch\/index.php?rest_route=%2Fwp%2Fv2%2Ftags&post=282"}],"curies":[{"name":"wp","href":"https:\/\/api.w.org\/{rel}","templated":true}]}}