{"id":53,"date":"2016-05-14T07:06:28","date_gmt":"2016-05-14T07:06:28","guid":{"rendered":"http:\/\/forum-flugplatz.ch\/?p=53"},"modified":"2024-11-05T17:09:30","modified_gmt":"2024-11-05T16:09:30","slug":"publikationen","status":"publish","type":"post","link":"https:\/\/forum-flugplatz.ch\/?p=53","title":{"rendered":"Publikationen"},"content":{"rendered":"<p><a href=\"https:\/\/forum-flugplatz.ch\/wp-content\/uploads\/2016\/05\/Welt-in-Gefahr-Info-Nr57.pdf\"><strong>Welt in Gefahr -Info-Nr57<\/strong><\/a><\/p>\n<p><a href=\"https:\/\/forum-flugplatz.ch\/wp-content\/uploads\/2016\/05\/Forum-Info-Nr56.pdf\"><strong>Forum-Info-Nr56<\/strong><\/a><\/p>\n<p><a href=\"https:\/\/forum-flugplatz.ch\/wp-content\/uploads\/2016\/05\/Forum-Info-Nr55.pdf\"><strong>Forum-Info-Nr55<\/strong><\/a><\/p>\n<p><strong><a href=\"https:\/\/forum-flugplatz.ch\/wp-content\/uploads\/2016\/05\/Forum-Info-Nr54.pdf\">Forum-Info-Nr54<\/a><\/strong><\/p>\n<p><a href=\"https:\/\/forum-flugplatz.ch\/wp-content\/uploads\/2016\/05\/Forum-Info-53.pdf\"><strong>Forum-Info-53<\/strong><\/a><\/p>\n<p><a href=\"http:\/\/forum-flugplatz.ch\/wp-content\/uploads\/2016\/05\/SIL-Eingabe.pdf\"><span style=\"color: #ff0000;\"><strong>Eingabe Sachplan Infrastruktur Luftfahrt SIL, Objektblatt D\u00fcbendorf<\/strong><\/span><\/a><\/p>\n<p><a href=\"http:\/\/forum-flugplatz.ch\/wp-content\/uploads\/2016\/05\/SPM-Eingabe.pdf\"><span style=\"color: #ff0000;\"><strong>Eingabe Sachplan Milit\u00e4r, Objektblatt D\u00fcbendorf<\/strong><\/span><\/a><\/p>\n<p><a href=\"http:\/\/forum-flugplatz.ch\/wp-content\/uploads\/2019\/03\/Forum-Info-Nr52-1.pdf\"><strong><span style=\"color: #ff0000;\">Forum Info Nr. 52<\/span><\/strong><\/a><\/p>\n<p><strong><span style=\"color: #ff0000;\"><a style=\"color: #ff0000;\" href=\"http:\/\/forum-flugplatz.ch\/wp-content\/uploads\/2018\/10\/Info-51.pdf\">Forum Info Nr. 51<\/a><\/span><\/strong><\/p>\n<p><a href=\"http:\/\/forum-flugplatz.ch\/wp-content\/uploads\/2016\/05\/Info-50.pdf\"><span style=\"color: #ff0000;\">Forum Info-50 \/ 2018<\/span><\/a><\/p>\n<p><span style=\"color: #ff0000;\"><a style=\"color: #ff0000;\" href=\"http:\/\/forum-flugplatz.ch\/wp-content\/uploads\/2016\/05\/Info-WEA-Spezialausgabe-Juni-2016.pdf\">Forum Info News \u00fcber die sog. WEA \/ Juni 2016<\/a><\/span><\/p>\n<p><span style=\"color: #ff0000;\"><a style=\"color: #ff0000;\" href=\"http:\/\/forum-flugplatz.ch\/wp-content\/uploads\/2016\/05\/WEA-Mitgliederbrief.pdf\">Forum Info Mitgliederbrief (WEA) \/ Mai 2016<\/a><\/span><\/p>\n<p><span style=\"color: #ff0000;\"><a style=\"color: #ff0000;\" href=\"http:\/\/forum-flugplatz.ch\/wp-content\/uploads\/2016\/05\/Info-49.pdf\" target=\"_blank\" rel=\"noopener\">Forum Info Nr 49 \/ Januar 2016<\/a><\/span><\/p>\n<p><span style=\"color: #ff0000;\"><a style=\"color: #ff0000;\" href=\"http:\/\/forum-flugplatz.ch\/wp-content\/uploads\/2016\/05\/Info-48-F.pdf\">Forum Info Nr. 48 \/ Oktober 2015<\/a><\/span><\/p>\n<p><span style=\"color: #ff0000;\"><a style=\"color: #ff0000;\" href=\"http:\/\/forum-flugplatz.ch\/wp-content\/uploads\/2016\/05\/Info-47E-Ausgabe.pdf\">Forum Info Nr. 47 \/ M\u00e4rz 2014<\/a><\/span><\/p>\n<p><span style=\"color: #ff0000;\"><a style=\"color: #ff0000;\" href=\"http:\/\/forum-flugplatz.ch\/wp-content\/uploads\/2016\/05\/Info-46.pdf\">Forum Info Nr. 46 \/ Oktober 2014<\/a><\/span><\/p>\n<p><span style=\"color: #ff0000;\"><a style=\"color: #ff0000;\" href=\"http:\/\/forum-flugplatz.ch\/wp-content\/uploads\/2016\/05\/Info-45Low.pdf\">Forum Info Nr. 45 \/ Juli 2013<\/a><\/span><\/p>\n<p><span style=\"color: #ff0000;\"><a style=\"color: #ff0000;\" href=\"http:\/\/forum-flugplatz.ch\/wp-content\/uploads\/2016\/05\/Info-44.pdf\">Forum Info Nr. 44 \/ Novemer 2012<\/a><\/span><\/p>\n<p><span style=\"color: #ff0000;\"><a style=\"color: #ff0000;\" href=\"http:\/\/forum-flugplatz.ch\/wp-content\/uploads\/2016\/05\/Info-43.pdf\">Forum Info Nr. 43 \/ Februar 2012<\/a><\/span><\/p>\n<p><span style=\"color: #ff0000;\"><a style=\"color: #ff0000;\" href=\"http:\/\/forum-flugplatz.ch\/wp-content\/uploads\/2016\/05\/Info-42.pdf\">Forum Info Nr. 42 \/ Oktober 2011<\/a><\/span><\/p>\n<p><span style=\"color: #ff0000;\"><a style=\"color: #ff0000;\" href=\"http:\/\/forum-flugplatz.ch\/wp-content\/uploads\/2016\/05\/Info-41.pdf\">Forum Info Nr. 41 \/ M\u00e4rz 2011<\/a><\/span><\/p>\n<p><span style=\"color: #ff0000;\"><a style=\"color: #ff0000;\" href=\"http:\/\/forum-flugplatz.ch\/wp-content\/uploads\/2016\/05\/Info-Nr40-LQ.pdf\">Forum Info Nr. 40 \/ Februar 2010<\/a><\/span><\/p>\n<p><span style=\"color: #ff0000;\"><a style=\"color: #ff0000;\" href=\"http:\/\/forum-flugplatz.ch\/wp-content\/uploads\/2016\/05\/Info39.pdf\">Forum Info Nr. 39 \/ Juni 2009<\/a><\/span><\/p>\n<p><span style=\"color: #ff0000;\"><a style=\"color: #ff0000;\" href=\"http:\/\/forum-flugplatz.ch\/wp-content\/uploads\/2016\/05\/Info38-F-HQ.pdf\">Forum Info Nr. 38 \/ September 2009<\/a><\/span><\/p>\n<p><span style=\"color: #ff0000;\"><a style=\"color: #ff0000;\" href=\"http:\/\/forum-flugplatz.ch\/wp-content\/uploads\/2016\/05\/Info20.pdf\">Forum Info Nr. 37 \/ Januar 2008<\/a><\/span><\/p>\n<p><span style=\"color: #ff0000;\"><a style=\"color: #ff0000;\" href=\"http:\/\/forum-flugplatz.ch\/wp-content\/uploads\/2016\/05\/Info36.pdf\">Forum Info Nr. 36 \/ Oktober 2007<\/a><\/span><\/p>\n<p><span style=\"color: #ff0000;\"><a style=\"color: #ff0000;\" href=\"http:\/\/forum-flugplatz.ch\/wp-content\/uploads\/2016\/05\/Info-35.pdf\">Forum Info Nr. 35 \/ Februar 2007<\/a><\/span><\/p>\n<p><span style=\"color: #ff0000;\"><a style=\"color: #ff0000;\" href=\"http:\/\/forum-flugplatz.ch\/wp-content\/uploads\/2016\/05\/Info-34f.pdf\">Forum Info Nr. 34 \/ September 2006<\/a><\/span><\/p>\n<p><span style=\"color: #ff0000;\"><a style=\"color: #ff0000;\" href=\"http:\/\/forum-flugplatz.ch\/wp-content\/uploads\/2016\/05\/Info33F.pdf\">Forum Info Nr. 33 \/ M\u00e4rz 2006 \/ Wahlen<\/a><\/span><\/p>\n<p><span style=\"color: #ff0000;\"><a style=\"color: #ff0000;\" href=\"http:\/\/forum-flugplatz.ch\/wp-content\/uploads\/2016\/05\/Info32f.pdf\">Forum Info Nr. 32 \/ Februar 2006<\/a><\/span><\/p>\n<p><span style=\"color: #ff0000;\"><a style=\"color: #ff0000;\" href=\"http:\/\/forum-flugplatz.ch\/wp-content\/uploads\/2016\/05\/Info31.pdf\">Forum Info Nr. 31 \/ M\u00e4rz 2005<\/a><\/span><\/p>\n<p><span style=\"color: #ff0000;\"><a style=\"color: #ff0000;\" href=\"http:\/\/forum-flugplatz.ch\/wp-content\/uploads\/2016\/05\/Info30-v3.pdf\">Forum Info Nr. 30 \/ September 2004<\/a><\/span><\/p>\n<p><span style=\"color: #ff0000;\"><a style=\"color: #ff0000;\" href=\"http:\/\/forum-flugplatz.ch\/wp-content\/uploads\/2016\/05\/Info29-farbig.pdf\">Forum Info Nr. 29 \/ M\u00e4rz 2004<\/a><\/span><\/p>\n<p><span style=\"color: #ff0000;\"><a style=\"color: #ff0000;\" href=\"http:\/\/forum-flugplatz.ch\/wp-content\/uploads\/2016\/05\/Info28-farbig.pdf\">Forum Info Nr. 28 \/ M\u00e4rz 2003 \/ Wahlen<\/a><\/span><\/p>\n<p><span style=\"color: #ff0000;\"><a style=\"color: #ff0000;\" href=\"http:\/\/forum-flugplatz.ch\/wp-content\/uploads\/2016\/05\/Info27_farbig.pdf\">Forum Info Nr. 27 \/ Januar 2003<\/a><\/span><\/p>\n<p><span style=\"color: #ff0000;\"><a style=\"color: #ff0000;\" href=\"http:\/\/forum-flugplatz.ch\/wp-content\/uploads\/2016\/05\/Info-26.pdf\">Forum Info Nr. 26 \/ Februar 2002 \/ Wahlen<\/a><\/span><\/p>\n<p><span style=\"color: #ff0000;\"><a style=\"color: #ff0000;\" href=\"http:\/\/forum-flugplatz.ch\/wp-content\/uploads\/2016\/05\/Info25farbig.pdf\">Forum Info Nr. 25 \/ Dezember 2001<\/a><\/span><\/p>\n<p><span style=\"color: #ff0000;\"><a style=\"color: #ff0000;\" href=\"http:\/\/forum-flugplatz.ch\/wp-content\/uploads\/2016\/05\/Info24.pdf\">Forum Info Nr. 24 \/ November 2001<\/a><\/span><\/p>\n<p><span style=\"color: #ff0000;\"><a style=\"color: #ff0000;\" href=\"http:\/\/forum-flugplatz.ch\/wp-content\/uploads\/2016\/05\/Info23.pdf\">Forum Info Nr. 23 \/ Mai 2001<\/a><\/span><\/p>\n<p><span style=\"color: #ff0000;\"><a style=\"color: #ff0000;\" href=\"http:\/\/forum-flugplatz.ch\/wp-content\/uploads\/2016\/05\/Info22.pdf\">Forum Info Nr. 22 \/ November 2002<\/a><\/span><\/p>\n<p><span style=\"color: #ff0000;\"><a style=\"color: #ff0000;\" href=\"http:\/\/forum-flugplatz.ch\/wp-content\/uploads\/2016\/05\/Info21.pdf\">Forum Info Nr. 21 \/ Juli 2000<\/a><\/span><\/p>\n<p><span style=\"color: #ff0000;\"><a style=\"color: #ff0000;\" href=\"http:\/\/forum-flugplatz.ch\/wp-content\/uploads\/2016\/05\/Info20.pdf\">Forum Info Nr. 20 \/ Dezember 1999<\/a><\/span><\/p>\n<p><span style=\"color: #ff0000;\"><a style=\"color: #ff0000;\" href=\"http:\/\/forum-flugplatz.ch\/wp-content\/uploads\/2016\/05\/info19.pdf\">Forum Info Nr. 19 \/ M\u00e4rz 1999<\/a><\/span><\/p>\n<p><span style=\"color: #ff0000;\"><a style=\"color: #ff0000;\" href=\"http:\/\/forum-flugplatz.ch\/wp-content\/uploads\/2016\/05\/info18.pdf\">Forum Info Nr. 18 \/ Dezember 1998<\/a><\/span><\/p>\n<p><span style=\"color: #ff0000;\"><a style=\"color: #ff0000;\" href=\"http:\/\/forum-flugplatz.ch\/wp-content\/uploads\/2016\/05\/info17.pdf\">Forum Info Nr. 17 \/ Juli 1998<\/a><\/span><\/p>\n<p><span style=\"color: #ff0000;\"><a style=\"color: #ff0000;\" href=\"http:\/\/forum-flugplatz.ch\/wp-content\/uploads\/2016\/05\/info16_wahlen_98.pdf\">Forum Info Nr. 16 \/ Februar 1998<\/a><\/span><\/p>\n<p><span style=\"color: #ff0000;\"><a style=\"color: #ff0000;\" href=\"http:\/\/forum-flugplatz.ch\/wp-content\/uploads\/2016\/05\/info15.pdf\">Forum Info Nr. 15 \/ Dezember 1997<\/a><\/span><\/p>\n<p><span style=\"color: #ff0000;\"><a style=\"color: #ff0000;\" href=\"http:\/\/forum-flugplatz.ch\/wp-content\/uploads\/2016\/05\/info14.pdf\">Forum Info Nr. 14 \/ Dezember 1996<\/a><\/span><\/p>\n<p><span style=\"color: #ff0000;\"><a style=\"color: #ff0000;\" href=\"http:\/\/forum-flugplatz.ch\/wp-content\/uploads\/2016\/05\/Info13.pdf\">Forum Info Nr.13 \/ Oktober 1995<\/a><\/span><\/p>\n<p><span style=\"color: #ff0000;\"><a style=\"color: #ff0000;\" href=\"http:\/\/forum-flugplatz.ch\/wp-content\/uploads\/2016\/05\/Info12.pdf\">Forum Info Nr. 12 \/ Juli 1995<\/a><\/span><\/p>\n<p><span style=\"color: #ff0000;\"><a style=\"color: #ff0000;\" href=\"http:\/\/forum-flugplatz.ch\/wp-content\/uploads\/2016\/05\/Spezausgabe-Neuzuzueger.pdf\">Forum Info f\u00fcr Neuzuz\u00fcger \/ 1995<\/a><\/span><\/p>\n<p><span style=\"color: #ff0000;\"><a style=\"color: #ff0000;\" href=\"http:\/\/forum-flugplatz.ch\/wp-content\/uploads\/2016\/05\/Info11.pdf\">Forum Info Nr. 11 \/ Februar 1995<\/a><\/span><\/p>\n<p><span style=\"color: #ff0000;\"><a style=\"color: #ff0000;\" href=\"http:\/\/forum-flugplatz.ch\/wp-content\/uploads\/2016\/05\/Info10.pdf\">Forum Info Nr. 10 \/ Dezember 1994 <\/a><\/span><\/p>\n<p><span style=\"color: #ff0000;\"><a style=\"color: #ff0000;\" href=\"http:\/\/forum-flugplatz.ch\/wp-content\/uploads\/2016\/05\/Info9.pdf\">Forum Info Nr. 9 \/ Mai 1994<\/a><\/span><\/p>\n<p><span style=\"color: #ff0000;\"><a style=\"color: #ff0000;\" href=\"http:\/\/forum-flugplatz.ch\/wp-content\/uploads\/2016\/05\/Info8.pdf\">Forum Info Nr. 8 \/ Januar 1994 <\/a><\/span><\/p>\n<p><span style=\"color: #ff0000;\"><a style=\"color: #ff0000;\" href=\"http:\/\/forum-flugplatz.ch\/wp-content\/uploads\/2016\/05\/Info7-SpezialausgabeFA18.pdf\">Forum Info Nr. 7 \/ Spezialausgabe F\/A-18 <\/a><\/span><\/p>\n<p><span style=\"color: #ff0000;\"><a style=\"color: #ff0000;\" href=\"http:\/\/forum-flugplatz.ch\/wp-content\/uploads\/2016\/05\/Info6.pdf\">Forum Info Nr. 6 \/ Mai 1993 <\/a><\/span><\/p>\n<p><span style=\"color: #ff0000;\"><a style=\"color: #ff0000;\" href=\"http:\/\/forum-flugplatz.ch\/wp-content\/uploads\/2016\/05\/Info5.pdf\">Forum Info Nr. 5 \/ Januar 1993 <\/a><\/span><\/p>\n<p><span style=\"color: #ff0000;\"><a style=\"color: #ff0000;\" href=\"http:\/\/forum-flugplatz.ch\/wp-content\/uploads\/2016\/05\/Info4.pdf\">Forum Info Nr. 4 \/ November 1992 <\/a><\/span><\/p>\n<p><span style=\"color: #ff0000;\"><a style=\"color: #ff0000;\" href=\"http:\/\/forum-flugplatz.ch\/wp-content\/uploads\/2016\/05\/Info3.pdf\">Forum Info Nr. 3 \/ November 1992 <\/a><\/span><\/p>\n<p><span style=\"color: #ff0000;\"><a style=\"color: #ff0000;\" href=\"http:\/\/forum-flugplatz.ch\/wp-content\/uploads\/2016\/05\/Info2.pdf\">Forum Info Nr. 2 \/ M\u00e4rz 1992 <\/a><\/span><\/p>\n<p><span style=\"color: #ff0000;\"><a style=\"color: #ff0000;\" href=\"http:\/\/forum-flugplatz.ch\/wp-content\/uploads\/2016\/05\/Info1.pdf\">Forum Info Nr. 1 \/ Erstausgabe Oktober 1991 <\/a><\/span><\/p>\n<p>&nbsp;<\/p>\n","protected":false},"excerpt":{"rendered":"<p>Welt in Gefahr -Info-Nr57 Forum-Info-Nr56 Forum-Info-Nr55 Forum-Info-Nr54 Forum-Info-53 Eingabe Sachplan Infrastruktur Luftfahrt SIL, Objektblatt D\u00fcbendorf Eingabe Sachplan Milit\u00e4r, Objektblatt D\u00fcbendorf Forum Info Nr. 52 Forum Info Nr. 51 Forum Info-50 [&hellip;]<\/p>\n","protected":false},"author":1,"featured_media":0,"comment_status":"open","ping_status":"open","sticky":false,"template":"","format":"standard","meta":[],"categories":[8],"tags":[],"_links":{"self":[{"href":"https:\/\/forum-flugplatz.ch\/index.php?rest_route=\/wp\/v2\/posts\/53"}],"collection":[{"href":"https:\/\/forum-flugplatz.ch\/index.php?rest_route=\/wp\/v2\/posts"}],"about":[{"href":"https:\/\/forum-flugplatz.ch\/index.php?rest_route=\/wp\/v2\/types\/post"}],"author":[{"embeddable":true,"href":"https:\/\/forum-flugplatz.ch\/index.php?rest_route=\/wp\/v2\/users\/1"}],"replies":[{"embeddable":true,"href":"https:\/\/forum-flugplatz.ch\/index.php?rest_route=%2Fwp%2Fv2%2Fcomments&post=53"}],"version-history":[{"count":37,"href":"https:\/\/forum-flugplatz.ch\/index.php?rest_route=\/wp\/v2\/posts\/53\/revisions"}],"predecessor-version":[{"id":1675,"href":"https:\/\/forum-flugplatz.ch\/index.php?rest_route=\/wp\/v2\/posts\/53\/revisions\/1675"}],"wp:attachment":[{"href":"https:\/\/forum-flugplatz.ch\/index.php?rest_route=%2Fwp%2Fv2%2Fmedia&parent=53"}],"wp:term":[{"taxonomy":"category","embeddable":true,"href":"https:\/\/forum-flugplatz.ch\/index.php?rest_route=%2Fwp%2Fv2%2Fcategories&post=53"},{"taxonomy":"post_tag","embeddable":true,"href":"https:\/\/forum-flugplatz.ch\/index.php?rest_route=%2Fwp%2Fv2%2Ftags&post=53"}],"curies":[{"name":"wp","href":"https:\/\/api.w.org\/{rel}","templated":true}]}}