{"id":59,"date":"2016-05-14T07:10:47","date_gmt":"2016-05-14T07:10:47","guid":{"rendered":"http:\/\/forum-flugplatz.ch\/?p=59"},"modified":"2018-09-23T08:47:38","modified_gmt":"2018-09-23T09:47:38","slug":"tiger-teilersatz","status":"publish","type":"post","link":"https:\/\/forum-flugplatz.ch\/?p=59","title":{"rendered":"Tiger Teilersatz"},"content":{"rendered":"<p><a href=\"http:\/\/forum-flugplatz.ch\/wp-content\/uploads\/2018\/09\/Vernehmlassungsantwort_Gruppe_GIARDINO-Planungsbeschluss_21_Sept_2018.pdf\"><strong><span style=\"color: #ff0000;\">Hervorragende Vernehmlassungsantwort der Gruppe Giardino zum Planungsbeschluss<\/span><\/strong><\/a><\/p>\n<p><strong><span style=\"color: #ff0000;\"><a style=\"color: #ff0000;\" href=\"http:\/\/forum-flugplatz.ch\/wp-content\/uploads\/2018\/09\/Info-51.pdf\">Das neue Forum Info Nr. 51 ist soeben erschienen<\/a><\/span>. <\/strong>Es enth\u00e4lt&nbsp; interessante Informationen \u00fcber <strong>die fatalen Entwicklungen rund um unsere Landesverteidigung<\/strong>. Unter anderem einen <strong>Mailverkehr mit einer Nationalr\u00e4tin<\/strong> der Sicherheitspolitischen Kommission, einen Gastbeitrag \u00fcber <strong>die Milizarmee &#8211; Quo Vadis<\/strong>, \u00fcber die <strong>fehlenden materiellen und personellen Ressourcen f\u00fcr das Sch\u00fctzen von wichtigen Infrastrukturen im Kanton Z\u00fcrich<\/strong>, eine <strong>armeepolitische Auslegeordnung der Gruppe Giardino<\/strong>, \u00fcber die <strong>Fehlplanungen auf dem Flugplatz D\u00fcbendorf betr. Innovationspark<\/strong>, die <strong>unn\u00f6tige Zw\u00e4ngerei der Anrainergemeinden auf Kosten der Steuerzahler<\/strong>, und nat\u00fcrlich <strong>Fakten zur Liquidations der Festungsminenwerfer<\/strong>.&nbsp; &nbsp;<\/p>\n<p><strong>Der M\u00f6rser 16 ist eine Fehlentwicklung der eigenen R\u00fcstungsindustrie und trotzdem wurde er beschafft obwohl ein ebenfalls evaluiertes Produkt massiv \u00fcberlegen war<\/strong>. Lesen Sie den beachtenswerten <strong><a href=\"http:\/\/forum-flugplatz.ch\/wp-content\/uploads\/2018\/09\/Moerser16-Skandal.pdf\"><span style=\"color: #ff0000;\">Artikel der Basler Zeitung<\/span><\/a><\/strong> vom 9. Sept. 2018, der in Kreisen der Bef\u00fcrworter einer glaubw\u00fcrdigen Armee f\u00fcr betr\u00e4chtliches Kopfsch\u00fctteln sorgt.<\/p>\n<p><strong>&#8220;Viele in Bern l\u00fcgen das Volk an&#8221;. Der Skandal um die Revision des DURO&#8217;s.<\/strong><br \/>\n<strong><a href=\"http:\/\/forum-flugplatz.ch\/wp-content\/uploads\/2018\/09\/Duro-Skandal.pdf\"><span style=\"color: #ff0000;\">Ein sehr interessanter Artikel<\/span><\/a><\/strong>, erschienen im Glattaler vom 1.Juni 2018 zeigt auf, wie das unwissende Volk mit falschen Angaben betr. der horrenden Kosten (550 Millionen) f\u00fcr die Revision des DUORO&#8217;s schlicht hintergangen wird. &nbsp;<\/p>\n<p><strong>Der Nationalrat hat am 13. September 2018 mit 114 gegen 67 Stimmen der Liquidierung der wertvollen Festungsminenwerfer zugestimmt!<\/strong><br \/>\nBesser kann sich die Armeef\u00fchrung im Hinblick auf das Air2030 Projekt nicht ins eigene Knie schiessen! Der erneute Schildb\u00fcrgerstreich, die Festungsminenwerfer auf Geheiss der Armeef\u00fchrung, dem VBS Chef und seinem Einfl\u00fcsterer Kkdt D. Andrey, zu liquidieren, er\u00f6ffnet ein weiteres Kapitel hin zur Abschaffung unserer Armee! Nun ist jeder Franken, der in eine unglaubw\u00fcrdige Armee gesteckt wird, einer zuviel, wir k\u00f6nnen getrost aufh\u00f6ren damit! Der Meccano findet seine Best\u00e4tigung: Die Armeef\u00fchrung empfiehlt dem Bundesrat und Parlament ohne Not die Vernichtung und Liquidation von Armeematerial. Dem Kadavergehorsam gleich und wider besseres Wissens wird der Auftrag ausgef\u00fchrt. Danach versteckt sich die Armeef\u00fchrung feige hinter dem Primat der Politik! Wann wird dieser ungeheure und feige Vorgang einmal publikumswirksam aufgedeckt und das tumbe Volk umfassend informiert? Gleiches gilt f\u00fcr die uns\u00e4glichen Schummeleien mit der R\u00fcstung, siehe M\u00f6rserbeschaffung 16, das abgekartete Spiel um den DURO etc. Zur Glaubw\u00fcrdigkeit geh\u00f6ren Ehrlichkeit und Transparenz und gerade hierbei wird fahrl\u00e4ssig gefrevelt. Das Vertrauen in unsere Armeef\u00fchrung ist leider vollends verloren gegangen!<span style=\"color: #ff0000;\"> <a style=\"color: #ff0000;\" href=\"http:\/\/forum-flugplatz.ch\/wp-content\/uploads\/2018\/09\/NR-Abstimmung-vom-13-09-2018-vote_50_17434.pdf\"><strong>Wer hat im Nationalrat wie abgestimmt?<\/strong><\/a><\/span><\/p>\n<p><strong>Die Liquidation der Festungsminenwerfer \/ siehe&nbsp;<span style=\"color: #ff0000;\"> <a style=\"color: #ff0000;\" href=\"http:\/\/forum-flugplatz.ch\/wp-content\/uploads\/2018\/09\/Info-51-FMWx.pdf\">Brief an die Parlamentarier<\/a> \/ <a style=\"color: #ff0000;\" href=\"http:\/\/forum-flugplatz.ch\/wp-content\/uploads\/2018\/09\/Info-51-FMWx.pdf\">FAKTENBLATT mit Wirkungsr\u00e4umen<\/a><\/span><br \/>\n<\/strong>Am 13. September 2018 f\u00e4llte der Nationalrat einen schwerwiegenden Liquidationsentscheid. Leider ist in der Schweiz im Unterschied zu anderen europ\u00e4ischen L\u00e4ndern die irrige Meinung weit verbreitet, dass es in <strong>*<\/strong><strong>Zentraleuropa keine milit\u00e4rischen Auseinandersetzungen zwischen Bodentruppen mehr geben werde<\/strong><strong>*<\/strong> \u2013 jedenfalls keine, welche die Schweiz tangieren w\u00fcrden. Und das vor dem Hintergrund, dass sich die milit\u00e4rische Lage in Europa seit einigen Jahren verschlechtert hat. Beim Glauben, f\u00fcr die Schweiz sei der ewige Friede angebrochen, handelt es sich um eine naive Vorstellung, welche im Widerspruch zu den historischen Erfahrungen steht und grauenhafte Folgen haben kann. Besonders bedenklich ist, dass die zahlreichen Mitglieder der Armeef\u00fchrung schweigen und vor einer weiteren Entwaffnung unseres Landes nicht warnen. Die \u00fcber hundert 12 cm-Festungsminenwerfer sind auch in der WEA kein veraltetes, sondern ein \u00e4usserst n\u00fctzliches, schlagkr\u00e4ftiges Waffensystem, das mit einer Investition von einer Milliarde Franken installiert wurden und mit ihren Doppelm\u00f6rsern in einem Umkreis von 360 Grad&nbsp; \u00e4usserst effizient auf die wichtigsten Achsen und Grenzr\u00e4ume einwirken kann. Auch in unserer n\u00e4chster Umgebung steht ein solcher Monoblock, der in einem handstreichartigen Besetzungsfall wirkungsvoll und verzugslos auf die Flugpl\u00e4tze Z\u00fcrich-Kloten und D\u00fcbendorf einwirken kann. Bekanntlich wurde vor Jahren das Flugplatzregiment aufgel\u00f6st.<br \/>\nDie Liquidation w\u00e4re eine nicht zu rechtfertigende Vernichtung fertig gebauter Sicherheit und eine gigantische Verschleuderung von investierten Steuergeldern. Sollte sich das Parlament f\u00fcr eine Liquidation entscheiden dann k\u00f6nnte man &#8211; <strong>siehe *<\/strong> &#8211; ebenso auf die Investition f\u00fcr ein neues Kampfflugzeug und BODLUV 2030 verzichten. Dann w\u00e4ren wir definitiv dort angelangt, wohin die notorischen Armeeabschaffer schon l\u00e4ngst hinwollten! Siehe Artikel ASMZ: <a href=\"http:\/\/forum-flugplatz.ch\/wp-content\/uploads\/2018\/08\/ASMZ-Sept-2018-Fest-Mw.pdf\"><span style=\"color: #ff0000;\">Tiefe Bereitschaft oder Ausserdienststellung?<\/span><\/a><\/p>\n<p><span style=\"color: #ff0000;\"><a style=\"color: #ff0000;\" href=\"http:\/\/forum-flugplatz.ch\/wp-content\/uploads\/2016\/05\/Info-TTE-Spezialausgabe-1.pdf\"><strong>Ein schwarzer Tag nicht nur f\u00fcr die Luftwaffe, sondern f\u00fcr die Schweiz!<\/strong><\/a><\/span><\/p>\n<p>&nbsp;<\/p>\n","protected":false},"excerpt":{"rendered":"<p>Hervorragende Vernehmlassungsantwort der Gruppe Giardino zum Planungsbeschluss Das neue Forum Info Nr. 51 ist soeben erschienen. Es enth\u00e4lt&nbsp; interessante Informationen \u00fcber die fatalen Entwicklungen rund um unsere Landesverteidigung. Unter anderem [&hellip;]<\/p>\n","protected":false},"author":1,"featured_media":0,"comment_status":"open","ping_status":"open","sticky":false,"template":"","format":"standard","meta":[],"categories":[12,13],"tags":[],"_links":{"self":[{"href":"https:\/\/forum-flugplatz.ch\/index.php?rest_route=\/wp\/v2\/posts\/59"}],"collection":[{"href":"https:\/\/forum-flugplatz.ch\/index.php?rest_route=\/wp\/v2\/posts"}],"about":[{"href":"https:\/\/forum-flugplatz.ch\/index.php?rest_route=\/wp\/v2\/types\/post"}],"author":[{"embeddable":true,"href":"https:\/\/forum-flugplatz.ch\/index.php?rest_route=\/wp\/v2\/users\/1"}],"replies":[{"embeddable":true,"href":"https:\/\/forum-flugplatz.ch\/index.php?rest_route=%2Fwp%2Fv2%2Fcomments&post=59"}],"version-history":[{"count":5,"href":"https:\/\/forum-flugplatz.ch\/index.php?rest_route=\/wp\/v2\/posts\/59\/revisions"}],"predecessor-version":[{"id":672,"href":"https:\/\/forum-flugplatz.ch\/index.php?rest_route=\/wp\/v2\/posts\/59\/revisions\/672"}],"wp:attachment":[{"href":"https:\/\/forum-flugplatz.ch\/index.php?rest_route=%2Fwp%2Fv2%2Fmedia&parent=59"}],"wp:term":[{"taxonomy":"category","embeddable":true,"href":"https:\/\/forum-flugplatz.ch\/index.php?rest_route=%2Fwp%2Fv2%2Fcategories&post=59"},{"taxonomy":"post_tag","embeddable":true,"href":"https:\/\/forum-flugplatz.ch\/index.php?rest_route=%2Fwp%2Fv2%2Ftags&post=59"}],"curies":[{"name":"wp","href":"https:\/\/api.w.org\/{rel}","templated":true}]}}